{"id":11915,"date":"2019-06-18T18:08:10","date_gmt":"2019-06-18T16:08:10","guid":{"rendered":"https:\/\/www.chateau-realdor.fr\/?p=11915"},"modified":"2019-06-18T18:11:03","modified_gmt":"2019-06-18T16:11:03","slug":"chateau-real-dor-at-the-24-heures-du-mans-with-idec-sport-and-tony-parker","status":"publish","type":"post","link":"https:\/\/www.chateau-realdor.fr\/en\/2019\/06\/18\/chateau-real-dor-at-the-24-heures-du-mans-with-idec-sport-and-tony-parker\/","title":{"rendered":"Ch\u00e2teau R\u00e9al d&#8217;Or at the 24 heures du Mans with IDEC Sport and Tony Parker"},"content":{"rendered":"<p>As the <a href=\"https:\/\/www.lemans.org\/fr\/24-heures-du-mans\" target=\"_blank\" rel=\"noopener\">24 heures du Mans<\/a> last week-end unfolded, our teams went to the department of Sarthe to support <a href=\"https:\/\/www.idecsport.com\/\" target=\"_blank\" rel=\"noopener\">IDEC Sport<\/a>, our historical partner. We wanted to congratulate them for their fifth place, their best performance at the competition yet. After Francis Joyron&#8217;s victory during the Route du Rhum 2018, IDEC Sport can&#8217;t help but have great results.<\/p>\n<h1><strong>Tony Parker tasted our vintages<\/strong><\/h1>\n<p>Simultaneously, we shared a pleasant and tasteful moment with Patrice Lafargue, IDEC Group&#8217;s president, and Tony Parker, around <a href=\"https:\/\/www.chateau-realdor.fr\/produit\/real-dor-rose-2018\/\" target=\"_blank\" rel=\"noopener\">our R\u00e9al d&#8217;Or Ros\u00e9<\/a>, gold medal of the Concours G\u00e9n\u00e9ral Agricole. It was a delicious exchange, full of dialogues under the prism of our common love for sport performances and wines.<\/p>\n<p><img decoding=\"async\" loading=\"lazy\" class=\"size-large wp-image-11918 aligncenter\" src=\"https:\/\/www.chateau-realdor.fr\/wp-content\/uploads\/2019\/06\/PART_1560514293533_IMG_93941-1.jpg-1-01-1-724x1024.jpg\" alt=\"\" width=\"724\" height=\"1024\" srcset=\"https:\/\/www.chateau-realdor.fr\/wp-content\/uploads\/2019\/06\/PART_1560514293533_IMG_93941-1.jpg-1-01-1-724x1024.jpg 724w, https:\/\/www.chateau-realdor.fr\/wp-content\/uploads\/2019\/06\/PART_1560514293533_IMG_93941-1.jpg-1-01-1-212x300.jpg 212w, https:\/\/www.chateau-realdor.fr\/wp-content\/uploads\/2019\/06\/PART_1560514293533_IMG_93941-1.jpg-1-01-1-768x1086.jpg 768w, https:\/\/www.chateau-realdor.fr\/wp-content\/uploads\/2019\/06\/PART_1560514293533_IMG_93941-1.jpg-1-01-1-1320x1866.jpg 1320w, https:\/\/www.chateau-realdor.fr\/wp-content\/uploads\/2019\/06\/PART_1560514293533_IMG_93941-1.jpg-1-01-1-600x848.jpg 600w\" sizes=\"(max-width: 724px) 100vw, 724px\" \/><\/p>\n","protected":false},"excerpt":{"rendered":"<p>As the 24 heures du Mans last week-end unfolded, our teams went to the department of Sarthe to support IDEC Sport, our historical partner. We wanted to congratulate them for their fifth place, their best performance at the competition yet. After Francis Joyron&#8217;s victory during [&hellip;]<\/p>\n","protected":false},"author":9,"featured_media":11916,"comment_status":"closed","ping_status":"closed","sticky":false,"template":"","format":"standard","meta":{"footnotes":""},"categories":[88,78],"tags":[],"yoast_head":"<!-- This site is optimized with the Yoast SEO plugin v19.13 - https:\/\/yoast.com\/wordpress\/plugins\/seo\/ -->\n<title>Ch\u00e2teau R\u00e9al d&#039;Or at the 24 heures du Mans with IDEC Sport and Tony Parker - Chateau R\u00e9al d&#039;Or - C\u00f4tes de Provence<\/title>\n<meta name=\"description\" content=\"As the 24 heures du Mans last week-end unfolded, our teams went to the department of Sarthe to support IDEC Sport, our historical partner.\" \/>\n<meta name=\"robots\" content=\"index, follow, max-snippet:-1, max-image-preview:large, max-video-preview:-1\" \/>\n<link rel=\"canonical\" href=\"https:\/\/www.chateau-realdor.fr\/2019\/06\/18\/chateau-real-dor-at-the-24-heures-du-mans-with-idec-sport-and-tony-parker\/\" \/>\n<meta property=\"og:locale\" content=\"fr_FR\" \/>\n<meta property=\"og:type\" content=\"article\" \/>\n<meta property=\"og:title\" content=\"Ch\u00e2teau R\u00e9al d&#039;Or at the 24 heures du Mans with IDEC Sport and Tony Parker - Chateau R\u00e9al d&#039;Or - C\u00f4tes de Provence\" \/>\n<meta property=\"og:description\" content=\"As the 24 heures du Mans last week-end unfolded, our teams went to the department of Sarthe to support IDEC Sport, our historical partner.\" \/>\n<meta property=\"og:url\" content=\"https:\/\/www.chateau-realdor.fr\/en\/2019\/06\/18\/chateau-real-dor-at-the-24-heures-du-mans-with-idec-sport-and-tony-parker\/\" \/>\n<meta property=\"og:site_name\" content=\"Chateau R\u00e9al d&#039;Or - C\u00f4tes de Provence\" \/>\n<meta property=\"article:publisher\" content=\"https:\/\/www.facebook.com\/people\/Chateau-Real-DOr-Gonfaron\/100087514419271\" \/>\n<meta property=\"article:author\" content=\"https:\/\/www.facebook.com\/profile.php?id=100087514419271\" \/>\n<meta property=\"article:published_time\" content=\"2019-06-18T16:08:10+00:00\" \/>\n<meta property=\"article:modified_time\" content=\"2019-06-18T16:11:03+00:00\" \/>\n<meta property=\"og:image\" content=\"https:\/\/www.chateau-realdor.fr\/wp-content\/uploads\/2019\/06\/www.chateau-realdor.fr-1961410802284577-1.jpg\" \/>\n\t<meta property=\"og:image:width\" content=\"1920\" \/>\n\t<meta property=\"og:image:height\" content=\"1061\" \/>\n\t<meta property=\"og:image:type\" content=\"image\/jpeg\" \/>\n<meta name=\"author\" content=\"Sandrine\" \/>\n<meta name=\"twitter:card\" content=\"summary_large_image\" \/>\n<meta name=\"twitter:label1\" content=\"\u00c9crit par\" \/>\n\t<meta name=\"twitter:data1\" content=\"Sandrine\" \/>\n\t<meta name=\"twitter:label2\" content=\"Dur\u00e9e de lecture estim\u00e9e\" \/>\n\t<meta name=\"twitter:data2\" content=\"1 minute\" \/>\n<script type=\"application\/ld+json\" class=\"yoast-schema-graph\">{\"@context\":\"https:\/\/schema.org\",\"@graph\":[{\"@type\":\"Article\",\"@id\":\"https:\/\/www.chateau-realdor.fr\/en\/2019\/06\/18\/chateau-real-dor-at-the-24-heures-du-mans-with-idec-sport-and-tony-parker\/#article\",\"isPartOf\":{\"@id\":\"https:\/\/www.chateau-realdor.fr\/en\/2019\/06\/18\/chateau-real-dor-at-the-24-heures-du-mans-with-idec-sport-and-tony-parker\/\"},\"author\":{\"name\":\"Sandrine\",\"@id\":\"https:\/\/www.chateau-realdor.fr\/#\/schema\/person\/0a0d59378afe36bfb34ef7c52b63f0a7\"},\"headline\":\"Ch\u00e2teau R\u00e9al d&#8217;Or at the 24 heures du Mans with IDEC Sport and Tony Parker\",\"datePublished\":\"2019-06-18T16:08:10+00:00\",\"dateModified\":\"2019-06-18T16:11:03+00:00\",\"mainEntityOfPage\":{\"@id\":\"https:\/\/www.chateau-realdor.fr\/en\/2019\/06\/18\/chateau-real-dor-at-the-24-heures-du-mans-with-idec-sport-and-tony-parker\/\"},\"wordCount\":129,\"publisher\":{\"@id\":\"https:\/\/www.chateau-realdor.fr\/#organization\"},\"articleSection\":[\"en\",\"Notre actualit\u00e9\"],\"inLanguage\":\"fr-FR\"},{\"@type\":\"WebPage\",\"@id\":\"https:\/\/www.chateau-realdor.fr\/en\/2019\/06\/18\/chateau-real-dor-at-the-24-heures-du-mans-with-idec-sport-and-tony-parker\/\",\"url\":\"https:\/\/www.chateau-realdor.fr\/en\/2019\/06\/18\/chateau-real-dor-at-the-24-heures-du-mans-with-idec-sport-and-tony-parker\/\",\"name\":\"Ch\u00e2teau R\u00e9al d'Or at the 24 heures du Mans with IDEC Sport and Tony Parker - Chateau R\u00e9al d&#039;Or - C\u00f4tes de Provence\",\"isPartOf\":{\"@id\":\"https:\/\/www.chateau-realdor.fr\/#website\"},\"datePublished\":\"2019-06-18T16:08:10+00:00\",\"dateModified\":\"2019-06-18T16:11:03+00:00\",\"description\":\"As the 24 heures du Mans last week-end unfolded, our teams went to the department of Sarthe to support IDEC Sport, our historical partner.\",\"breadcrumb\":{\"@id\":\"https:\/\/www.chateau-realdor.fr\/en\/2019\/06\/18\/chateau-real-dor-at-the-24-heures-du-mans-with-idec-sport-and-tony-parker\/#breadcrumb\"},\"inLanguage\":\"fr-FR\",\"potentialAction\":[{\"@type\":\"ReadAction\",\"target\":[\"https:\/\/www.chateau-realdor.fr\/en\/2019\/06\/18\/chateau-real-dor-at-the-24-heures-du-mans-with-idec-sport-and-tony-parker\/\"]}]},{\"@type\":\"BreadcrumbList\",\"@id\":\"https:\/\/www.chateau-realdor.fr\/en\/2019\/06\/18\/chateau-real-dor-at-the-24-heures-du-mans-with-idec-sport-and-tony-parker\/#breadcrumb\",\"itemListElement\":[{\"@type\":\"ListItem\",\"position\":1,\"name\":\"Accueil\",\"item\":\"https:\/\/www.chateau-realdor.fr\/\"},{\"@type\":\"ListItem\",\"position\":2,\"name\":\"Ch\u00e2teau R\u00e9al d&#8217;Or at the 24 heures du Mans with IDEC Sport and Tony Parker\"}]},{\"@type\":\"WebSite\",\"@id\":\"https:\/\/www.chateau-realdor.fr\/#website\",\"url\":\"https:\/\/www.chateau-realdor.fr\/\",\"name\":\"Chateau R\u00e9al d&#039;Or - C\u00f4tes de Provence\",\"description\":\"D\u2019hier \u00e0 aujourd\u2019hui C\u2019est en 1946, que f\u00fbt plant\u00e9 les premi\u00e8res vignes du \u00ab Ch\u00e2teau R\u00e9al d\u2019Or \u00bb. Situ\u00e9 dans le triangle d\u2019or, au c\u0153ur de la plaine des Maures, notre domaine de 30 hectares plant\u00e9s est d\u2019un seul tenant.\",\"publisher\":{\"@id\":\"https:\/\/www.chateau-realdor.fr\/#organization\"},\"potentialAction\":[{\"@type\":\"SearchAction\",\"target\":{\"@type\":\"EntryPoint\",\"urlTemplate\":\"https:\/\/www.chateau-realdor.fr\/?s={search_term_string}\"},\"query-input\":\"required name=search_term_string\"}],\"inLanguage\":\"fr-FR\"},{\"@type\":\"Organization\",\"@id\":\"https:\/\/www.chateau-realdor.fr\/#organization\",\"name\":\"Ch\u00e2teau R\u00e9al d'Or\",\"url\":\"https:\/\/www.chateau-realdor.fr\/\",\"logo\":{\"@type\":\"ImageObject\",\"inLanguage\":\"fr-FR\",\"@id\":\"https:\/\/www.chateau-realdor.fr\/#\/schema\/logo\/image\/\",\"url\":\"https:\/\/www.chateau-realdor.fr\/wp-content\/uploads\/2019\/01\/logo-chateau-real-dor-gris.png\",\"contentUrl\":\"https:\/\/www.chateau-realdor.fr\/wp-content\/uploads\/2019\/01\/logo-chateau-real-dor-gris.png\",\"width\":350,\"height\":133,\"caption\":\"Ch\u00e2teau R\u00e9al d'Or\"},\"image\":{\"@id\":\"https:\/\/www.chateau-realdor.fr\/#\/schema\/logo\/image\/\"},\"sameAs\":[\"https:\/\/www.instagram.com\/chateau_realdor_gonfaron\/\",\"https:\/\/www.linkedin.com\/company\/chteau-ral-dor\/about\/\",\"https:\/\/www.facebook.com\/people\/Chateau-Real-DOr-Gonfaron\/100087514419271\"]},{\"@type\":\"Person\",\"@id\":\"https:\/\/www.chateau-realdor.fr\/#\/schema\/person\/0a0d59378afe36bfb34ef7c52b63f0a7\",\"name\":\"Sandrine\",\"sameAs\":[\"https:\/\/www.facebook.com\/profile.php?id=100087514419271\",\"https:\/\/www.instagram.com\/chateau_realdor_gonfaron\/\"]}]}<\/script>\n<!-- \/ Yoast SEO plugin. -->","yoast_head_json":{"title":"Ch\u00e2teau R\u00e9al d'Or at the 24 heures du Mans with IDEC Sport and Tony Parker - Chateau R\u00e9al d&#039;Or - C\u00f4tes de Provence","description":"As the 24 heures du Mans last week-end unfolded, our teams went to the department of Sarthe to support IDEC Sport, our historical partner.","robots":{"index":"index","follow":"follow","max-snippet":"max-snippet:-1","max-image-preview":"max-image-preview:large","max-video-preview":"max-video-preview:-1"},"canonical":"https:\/\/www.chateau-realdor.fr\/2019\/06\/18\/chateau-real-dor-at-the-24-heures-du-mans-with-idec-sport-and-tony-parker\/","og_locale":"fr_FR","og_type":"article","og_title":"Ch\u00e2teau R\u00e9al d'Or at the 24 heures du Mans with IDEC Sport and Tony Parker - Chateau R\u00e9al d&#039;Or - C\u00f4tes de Provence","og_description":"As the 24 heures du Mans last week-end unfolded, our teams went to the department of Sarthe to support IDEC Sport, our historical partner.","og_url":"https:\/\/www.chateau-realdor.fr\/en\/2019\/06\/18\/chateau-real-dor-at-the-24-heures-du-mans-with-idec-sport-and-tony-parker\/","og_site_name":"Chateau R\u00e9al d&#039;Or - C\u00f4tes de Provence","article_publisher":"https:\/\/www.facebook.com\/people\/Chateau-Real-DOr-Gonfaron\/100087514419271","article_author":"https:\/\/www.facebook.com\/profile.php?id=100087514419271","article_published_time":"2019-06-18T16:08:10+00:00","article_modified_time":"2019-06-18T16:11:03+00:00","og_image":[{"width":1920,"height":1061,"url":"https:\/\/www.chateau-realdor.fr\/wp-content\/uploads\/2019\/06\/www.chateau-realdor.fr-1961410802284577-1.jpg","type":"image\/jpeg"}],"author":"Sandrine","twitter_card":"summary_large_image","twitter_misc":{"\u00c9crit par":"Sandrine","Dur\u00e9e de lecture estim\u00e9e":"1 minute"},"schema":{"@context":"https:\/\/schema.org","@graph":[{"@type":"Article","@id":"https:\/\/www.chateau-realdor.fr\/en\/2019\/06\/18\/chateau-real-dor-at-the-24-heures-du-mans-with-idec-sport-and-tony-parker\/#article","isPartOf":{"@id":"https:\/\/www.chateau-realdor.fr\/en\/2019\/06\/18\/chateau-real-dor-at-the-24-heures-du-mans-with-idec-sport-and-tony-parker\/"},"author":{"name":"Sandrine","@id":"https:\/\/www.chateau-realdor.fr\/#\/schema\/person\/0a0d59378afe36bfb34ef7c52b63f0a7"},"headline":"Ch\u00e2teau R\u00e9al d&#8217;Or at the 24 heures du Mans with IDEC Sport and Tony Parker","datePublished":"2019-06-18T16:08:10+00:00","dateModified":"2019-06-18T16:11:03+00:00","mainEntityOfPage":{"@id":"https:\/\/www.chateau-realdor.fr\/en\/2019\/06\/18\/chateau-real-dor-at-the-24-heures-du-mans-with-idec-sport-and-tony-parker\/"},"wordCount":129,"publisher":{"@id":"https:\/\/www.chateau-realdor.fr\/#organization"},"articleSection":["en","Notre actualit\u00e9"],"inLanguage":"fr-FR"},{"@type":"WebPage","@id":"https:\/\/www.chateau-realdor.fr\/en\/2019\/06\/18\/chateau-real-dor-at-the-24-heures-du-mans-with-idec-sport-and-tony-parker\/","url":"https:\/\/www.chateau-realdor.fr\/en\/2019\/06\/18\/chateau-real-dor-at-the-24-heures-du-mans-with-idec-sport-and-tony-parker\/","name":"Ch\u00e2teau R\u00e9al d'Or at the 24 heures du Mans with IDEC Sport and Tony Parker - Chateau R\u00e9al d&#039;Or - C\u00f4tes de Provence","isPartOf":{"@id":"https:\/\/www.chateau-realdor.fr\/#website"},"datePublished":"2019-06-18T16:08:10+00:00","dateModified":"2019-06-18T16:11:03+00:00","description":"As the 24 heures du Mans last week-end unfolded, our teams went to the department of Sarthe to support IDEC Sport, our historical partner.","breadcrumb":{"@id":"https:\/\/www.chateau-realdor.fr\/en\/2019\/06\/18\/chateau-real-dor-at-the-24-heures-du-mans-with-idec-sport-and-tony-parker\/#breadcrumb"},"inLanguage":"fr-FR","potentialAction":[{"@type":"ReadAction","target":["https:\/\/www.chateau-realdor.fr\/en\/2019\/06\/18\/chateau-real-dor-at-the-24-heures-du-mans-with-idec-sport-and-tony-parker\/"]}]},{"@type":"BreadcrumbList","@id":"https:\/\/www.chateau-realdor.fr\/en\/2019\/06\/18\/chateau-real-dor-at-the-24-heures-du-mans-with-idec-sport-and-tony-parker\/#breadcrumb","itemListElement":[{"@type":"ListItem","position":1,"name":"Accueil","item":"https:\/\/www.chateau-realdor.fr\/"},{"@type":"ListItem","position":2,"name":"Ch\u00e2teau R\u00e9al d&#8217;Or at the 24 heures du Mans with IDEC Sport and Tony Parker"}]},{"@type":"WebSite","@id":"https:\/\/www.chateau-realdor.fr\/#website","url":"https:\/\/www.chateau-realdor.fr\/","name":"Chateau R\u00e9al d&#039;Or - C\u00f4tes de Provence","description":"D\u2019hier \u00e0 aujourd\u2019hui C\u2019est en 1946, que f\u00fbt plant\u00e9 les premi\u00e8res vignes du \u00ab Ch\u00e2teau R\u00e9al d\u2019Or \u00bb. Situ\u00e9 dans le triangle d\u2019or, au c\u0153ur de la plaine des Maures, notre domaine de 30 hectares plant\u00e9s est d\u2019un seul tenant.","publisher":{"@id":"https:\/\/www.chateau-realdor.fr\/#organization"},"potentialAction":[{"@type":"SearchAction","target":{"@type":"EntryPoint","urlTemplate":"https:\/\/www.chateau-realdor.fr\/?s={search_term_string}"},"query-input":"required name=search_term_string"}],"inLanguage":"fr-FR"},{"@type":"Organization","@id":"https:\/\/www.chateau-realdor.fr\/#organization","name":"Ch\u00e2teau R\u00e9al d'Or","url":"https:\/\/www.chateau-realdor.fr\/","logo":{"@type":"ImageObject","inLanguage":"fr-FR","@id":"https:\/\/www.chateau-realdor.fr\/#\/schema\/logo\/image\/","url":"https:\/\/www.chateau-realdor.fr\/wp-content\/uploads\/2019\/01\/logo-chateau-real-dor-gris.png","contentUrl":"https:\/\/www.chateau-realdor.fr\/wp-content\/uploads\/2019\/01\/logo-chateau-real-dor-gris.png","width":350,"height":133,"caption":"Ch\u00e2teau R\u00e9al d'Or"},"image":{"@id":"https:\/\/www.chateau-realdor.fr\/#\/schema\/logo\/image\/"},"sameAs":["https:\/\/www.instagram.com\/chateau_realdor_gonfaron\/","https:\/\/www.linkedin.com\/company\/chteau-ral-dor\/about\/","https:\/\/www.facebook.com\/people\/Chateau-Real-DOr-Gonfaron\/100087514419271"]},{"@type":"Person","@id":"https:\/\/www.chateau-realdor.fr\/#\/schema\/person\/0a0d59378afe36bfb34ef7c52b63f0a7","name":"Sandrine","sameAs":["https:\/\/www.facebook.com\/profile.php?id=100087514419271","https:\/\/www.instagram.com\/chateau_realdor_gonfaron\/"]}]}},"jetpack_featured_media_url":"https:\/\/www.chateau-realdor.fr\/wp-content\/uploads\/2019\/06\/www.chateau-realdor.fr-1961410802284577-1.jpg","_links":{"self":[{"href":"https:\/\/www.chateau-realdor.fr\/en\/wp-json\/wp\/v2\/posts\/11915\/"}],"collection":[{"href":"https:\/\/www.chateau-realdor.fr\/en\/wp-json\/wp\/v2\/posts\/"}],"about":[{"href":"https:\/\/www.chateau-realdor.fr\/en\/wp-json\/wp\/v2\/types\/post\/"}],"author":[{"embeddable":true,"href":"https:\/\/www.chateau-realdor.fr\/en\/wp-json\/wp\/v2\/users\/9\/"}],"replies":[{"embeddable":true,"href":"https:\/\/www.chateau-realdor.fr\/en\/wp-json\/wp\/v2\/comments\/?post=11915"}],"version-history":[{"count":4,"href":"https:\/\/www.chateau-realdor.fr\/en\/wp-json\/wp\/v2\/posts\/11915\/revisions\/"}],"predecessor-version":[{"id":11924,"href":"https:\/\/www.chateau-realdor.fr\/en\/wp-json\/wp\/v2\/posts\/11915\/revisions\/11924\/"}],"wp:featuredmedia":[{"embeddable":true,"href":"https:\/\/www.chateau-realdor.fr\/en\/wp-json\/wp\/v2\/media\/11916\/"}],"wp:attachment":[{"href":"https:\/\/www.chateau-realdor.fr\/en\/wp-json\/wp\/v2\/media\/?parent=11915"}],"wp:term":[{"taxonomy":"category","embeddable":true,"href":"https:\/\/www.chateau-realdor.fr\/en\/wp-json\/wp\/v2\/categories\/?post=11915"},{"taxonomy":"post_tag","embeddable":true,"href":"https:\/\/www.chateau-realdor.fr\/en\/wp-json\/wp\/v2\/tags\/?post=11915"}],"curies":[{"name":"wp","href":"https:\/\/api.w.org\/{rel}","templated":true}]}}