{"id":11716,"date":"2019-04-01T16:20:23","date_gmt":"2019-04-01T14:20:23","guid":{"rendered":"https:\/\/www.chateau-realdor.fr\/?p=11716"},"modified":"2019-04-01T16:20:23","modified_gmt":"2019-04-01T14:20:23","slug":"the-chateau-real-dor-team-will-be-present-at-the-foire-de-brignoles","status":"publish","type":"post","link":"https:\/\/www.chateau-realdor.fr\/en\/2019\/04\/01\/the-chateau-real-dor-team-will-be-present-at-the-foire-de-brignoles\/","title":{"rendered":"The Ch\u00e2teau R\u00e9al d&#8217;Or team will be present at the Foire de Brignoles"},"content":{"rendered":"<p>From 13 to 22 April 2019, meet our entire team at the Foire de Brignoles in the Var. During these 10 exceptional days, we will have the pleasure to make you taste our best wines.<\/p>\n<h2>A long-awaited 90th edition<\/h2>\n<p>This year, the fair celebrates its 90th anniversary and many new activities will be offered. Two noctural will be organized on Friday 19 and Sunday 20 April (eve of Easter Monday).<\/p>\n<p>For 15 euros, a permanent pass for families will be available to enjoy the facilities throughout the fair and school holidays!<\/p>\n<p>Ch\u00e2teau R\u00e9al d&#8217;Or will obviously participate in the Concours de la Foire de Brignoles to try to obtain the label of excellence after having obtained the gold medal at the Concours G\u00e9n\u00e9ral Agricole last month.<\/p>\n<p>We hope to see you there!<\/p>\n","protected":false},"excerpt":{"rendered":"<p>From 13 to 22 April 2019, meet our entire team at the Foire de Brignoles in the Var. During these 10 exceptional days, we will have the pleasure to make you taste our best wines. A long-awaited 90th edition This year, the fair celebrates its [&hellip;]<\/p>\n","protected":false},"author":9,"featured_media":11725,"comment_status":"closed","ping_status":"closed","sticky":false,"template":"","format":"standard","meta":{"footnotes":""},"categories":[88,95,87],"tags":[],"yoast_head":"<!-- This site is optimized with the Yoast SEO plugin v19.13 - https:\/\/yoast.com\/wordpress\/plugins\/seo\/ -->\n<title>The Ch\u00e2teau R\u00e9al d&#039;Or team will be present at the Foire de Brignoles<\/title>\n<meta name=\"description\" content=\"From 13 to 22 April 2019, meet our entire team at the Foire de Brignoles in the Var. During these 10 exceptional days, we will have the pleasure to make you taste our best wines.\" \/>\n<meta name=\"robots\" content=\"index, follow, max-snippet:-1, max-image-preview:large, max-video-preview:-1\" \/>\n<link rel=\"canonical\" href=\"https:\/\/www.chateau-realdor.fr\/2019\/04\/01\/the-chateau-real-dor-team-will-be-present-at-the-foire-de-brignoles\/\" \/>\n<meta property=\"og:locale\" content=\"fr_FR\" \/>\n<meta property=\"og:type\" content=\"article\" \/>\n<meta property=\"og:title\" content=\"The Ch\u00e2teau R\u00e9al d&#039;Or team will be present at the Foire de Brignoles\" \/>\n<meta property=\"og:description\" content=\"From 13 to 22 April 2019, meet our entire team at the Foire de Brignoles in the Var. During these 10 exceptional days, we will have the pleasure to make you taste our best wines.\" \/>\n<meta property=\"og:url\" content=\"https:\/\/www.chateau-realdor.fr\/en\/2019\/04\/01\/the-chateau-real-dor-team-will-be-present-at-the-foire-de-brignoles\/\" \/>\n<meta property=\"og:site_name\" content=\"Chateau R\u00e9al d&#039;Or - C\u00f4tes de Provence\" \/>\n<meta property=\"article:publisher\" content=\"https:\/\/www.facebook.com\/people\/Chateau-Real-DOr-Gonfaron\/100087514419271\" \/>\n<meta property=\"article:author\" content=\"https:\/\/www.facebook.com\/profile.php?id=100087514419271\" \/>\n<meta property=\"article:published_time\" content=\"2019-04-01T14:20:23+00:00\" \/>\n<meta property=\"og:image\" content=\"https:\/\/www.chateau-realdor.fr\/wp-content\/uploads\/2019\/03\/foire-brignoles.jpg\" \/>\n\t<meta property=\"og:image:width\" content=\"1300\" \/>\n\t<meta property=\"og:image:height\" content=\"700\" \/>\n\t<meta property=\"og:image:type\" content=\"image\/jpeg\" \/>\n<meta name=\"author\" content=\"Sandrine\" \/>\n<meta name=\"twitter:card\" content=\"summary_large_image\" \/>\n<meta name=\"twitter:label1\" content=\"\u00c9crit par\" \/>\n\t<meta name=\"twitter:data1\" content=\"Sandrine\" \/>\n\t<meta name=\"twitter:label2\" content=\"Dur\u00e9e de lecture estim\u00e9e\" \/>\n\t<meta name=\"twitter:data2\" content=\"1 minute\" \/>\n<script type=\"application\/ld+json\" class=\"yoast-schema-graph\">{\"@context\":\"https:\/\/schema.org\",\"@graph\":[{\"@type\":\"Article\",\"@id\":\"https:\/\/www.chateau-realdor.fr\/en\/2019\/04\/01\/the-chateau-real-dor-team-will-be-present-at-the-foire-de-brignoles\/#article\",\"isPartOf\":{\"@id\":\"https:\/\/www.chateau-realdor.fr\/en\/2019\/04\/01\/the-chateau-real-dor-team-will-be-present-at-the-foire-de-brignoles\/\"},\"author\":{\"name\":\"Sandrine\",\"@id\":\"https:\/\/www.chateau-realdor.fr\/#\/schema\/person\/0a0d59378afe36bfb34ef7c52b63f0a7\"},\"headline\":\"The Ch\u00e2teau R\u00e9al d&#8217;Or team will be present at the Foire de Brignoles\",\"datePublished\":\"2019-04-01T14:20:23+00:00\",\"dateModified\":\"2019-04-01T14:20:23+00:00\",\"mainEntityOfPage\":{\"@id\":\"https:\/\/www.chateau-realdor.fr\/en\/2019\/04\/01\/the-chateau-real-dor-team-will-be-present-at-the-foire-de-brignoles\/\"},\"wordCount\":144,\"publisher\":{\"@id\":\"https:\/\/www.chateau-realdor.fr\/#organization\"},\"articleSection\":[\"en\",\"\u00c9v\u00e9nement\",\"fr\"],\"inLanguage\":\"fr-FR\"},{\"@type\":\"WebPage\",\"@id\":\"https:\/\/www.chateau-realdor.fr\/en\/2019\/04\/01\/the-chateau-real-dor-team-will-be-present-at-the-foire-de-brignoles\/\",\"url\":\"https:\/\/www.chateau-realdor.fr\/en\/2019\/04\/01\/the-chateau-real-dor-team-will-be-present-at-the-foire-de-brignoles\/\",\"name\":\"The Ch\u00e2teau R\u00e9al d'Or team will be present at the Foire de Brignoles\",\"isPartOf\":{\"@id\":\"https:\/\/www.chateau-realdor.fr\/#website\"},\"datePublished\":\"2019-04-01T14:20:23+00:00\",\"dateModified\":\"2019-04-01T14:20:23+00:00\",\"description\":\"From 13 to 22 April 2019, meet our entire team at the Foire de Brignoles in the Var. During these 10 exceptional days, we will have the pleasure to make you taste our best wines.\",\"breadcrumb\":{\"@id\":\"https:\/\/www.chateau-realdor.fr\/en\/2019\/04\/01\/the-chateau-real-dor-team-will-be-present-at-the-foire-de-brignoles\/#breadcrumb\"},\"inLanguage\":\"fr-FR\",\"potentialAction\":[{\"@type\":\"ReadAction\",\"target\":[\"https:\/\/www.chateau-realdor.fr\/en\/2019\/04\/01\/the-chateau-real-dor-team-will-be-present-at-the-foire-de-brignoles\/\"]}]},{\"@type\":\"BreadcrumbList\",\"@id\":\"https:\/\/www.chateau-realdor.fr\/en\/2019\/04\/01\/the-chateau-real-dor-team-will-be-present-at-the-foire-de-brignoles\/#breadcrumb\",\"itemListElement\":[{\"@type\":\"ListItem\",\"position\":1,\"name\":\"Accueil\",\"item\":\"https:\/\/www.chateau-realdor.fr\/\"},{\"@type\":\"ListItem\",\"position\":2,\"name\":\"The Ch\u00e2teau R\u00e9al d&#8217;Or team will be present at the Foire de Brignoles\"}]},{\"@type\":\"WebSite\",\"@id\":\"https:\/\/www.chateau-realdor.fr\/#website\",\"url\":\"https:\/\/www.chateau-realdor.fr\/\",\"name\":\"Chateau R\u00e9al d&#039;Or - C\u00f4tes de Provence\",\"description\":\"D\u2019hier \u00e0 aujourd\u2019hui C\u2019est en 1946, que f\u00fbt plant\u00e9 les premi\u00e8res vignes du \u00ab Ch\u00e2teau R\u00e9al d\u2019Or \u00bb. Situ\u00e9 dans le triangle d\u2019or, au c\u0153ur de la plaine des Maures, notre domaine de 30 hectares plant\u00e9s est d\u2019un seul tenant.\",\"publisher\":{\"@id\":\"https:\/\/www.chateau-realdor.fr\/#organization\"},\"potentialAction\":[{\"@type\":\"SearchAction\",\"target\":{\"@type\":\"EntryPoint\",\"urlTemplate\":\"https:\/\/www.chateau-realdor.fr\/?s={search_term_string}\"},\"query-input\":\"required name=search_term_string\"}],\"inLanguage\":\"fr-FR\"},{\"@type\":\"Organization\",\"@id\":\"https:\/\/www.chateau-realdor.fr\/#organization\",\"name\":\"Ch\u00e2teau R\u00e9al d'Or\",\"url\":\"https:\/\/www.chateau-realdor.fr\/\",\"logo\":{\"@type\":\"ImageObject\",\"inLanguage\":\"fr-FR\",\"@id\":\"https:\/\/www.chateau-realdor.fr\/#\/schema\/logo\/image\/\",\"url\":\"https:\/\/www.chateau-realdor.fr\/wp-content\/uploads\/2019\/01\/logo-chateau-real-dor-gris.png\",\"contentUrl\":\"https:\/\/www.chateau-realdor.fr\/wp-content\/uploads\/2019\/01\/logo-chateau-real-dor-gris.png\",\"width\":350,\"height\":133,\"caption\":\"Ch\u00e2teau R\u00e9al d'Or\"},\"image\":{\"@id\":\"https:\/\/www.chateau-realdor.fr\/#\/schema\/logo\/image\/\"},\"sameAs\":[\"https:\/\/www.instagram.com\/chateau_realdor_gonfaron\/\",\"https:\/\/www.linkedin.com\/company\/chteau-ral-dor\/about\/\",\"https:\/\/www.facebook.com\/people\/Chateau-Real-DOr-Gonfaron\/100087514419271\"]},{\"@type\":\"Person\",\"@id\":\"https:\/\/www.chateau-realdor.fr\/#\/schema\/person\/0a0d59378afe36bfb34ef7c52b63f0a7\",\"name\":\"Sandrine\",\"sameAs\":[\"https:\/\/www.facebook.com\/profile.php?id=100087514419271\",\"https:\/\/www.instagram.com\/chateau_realdor_gonfaron\/\"]}]}<\/script>\n<!-- \/ Yoast SEO plugin. -->","yoast_head_json":{"title":"The Ch\u00e2teau R\u00e9al d'Or team will be present at the Foire de Brignoles","description":"From 13 to 22 April 2019, meet our entire team at the Foire de Brignoles in the Var. During these 10 exceptional days, we will have the pleasure to make you taste our best wines.","robots":{"index":"index","follow":"follow","max-snippet":"max-snippet:-1","max-image-preview":"max-image-preview:large","max-video-preview":"max-video-preview:-1"},"canonical":"https:\/\/www.chateau-realdor.fr\/2019\/04\/01\/the-chateau-real-dor-team-will-be-present-at-the-foire-de-brignoles\/","og_locale":"fr_FR","og_type":"article","og_title":"The Ch\u00e2teau R\u00e9al d'Or team will be present at the Foire de Brignoles","og_description":"From 13 to 22 April 2019, meet our entire team at the Foire de Brignoles in the Var. During these 10 exceptional days, we will have the pleasure to make you taste our best wines.","og_url":"https:\/\/www.chateau-realdor.fr\/en\/2019\/04\/01\/the-chateau-real-dor-team-will-be-present-at-the-foire-de-brignoles\/","og_site_name":"Chateau R\u00e9al d&#039;Or - C\u00f4tes de Provence","article_publisher":"https:\/\/www.facebook.com\/people\/Chateau-Real-DOr-Gonfaron\/100087514419271","article_author":"https:\/\/www.facebook.com\/profile.php?id=100087514419271","article_published_time":"2019-04-01T14:20:23+00:00","og_image":[{"width":1300,"height":700,"url":"https:\/\/www.chateau-realdor.fr\/wp-content\/uploads\/2019\/03\/foire-brignoles.jpg","type":"image\/jpeg"}],"author":"Sandrine","twitter_card":"summary_large_image","twitter_misc":{"\u00c9crit par":"Sandrine","Dur\u00e9e de lecture estim\u00e9e":"1 minute"},"schema":{"@context":"https:\/\/schema.org","@graph":[{"@type":"Article","@id":"https:\/\/www.chateau-realdor.fr\/en\/2019\/04\/01\/the-chateau-real-dor-team-will-be-present-at-the-foire-de-brignoles\/#article","isPartOf":{"@id":"https:\/\/www.chateau-realdor.fr\/en\/2019\/04\/01\/the-chateau-real-dor-team-will-be-present-at-the-foire-de-brignoles\/"},"author":{"name":"Sandrine","@id":"https:\/\/www.chateau-realdor.fr\/#\/schema\/person\/0a0d59378afe36bfb34ef7c52b63f0a7"},"headline":"The Ch\u00e2teau R\u00e9al d&#8217;Or team will be present at the Foire de Brignoles","datePublished":"2019-04-01T14:20:23+00:00","dateModified":"2019-04-01T14:20:23+00:00","mainEntityOfPage":{"@id":"https:\/\/www.chateau-realdor.fr\/en\/2019\/04\/01\/the-chateau-real-dor-team-will-be-present-at-the-foire-de-brignoles\/"},"wordCount":144,"publisher":{"@id":"https:\/\/www.chateau-realdor.fr\/#organization"},"articleSection":["en","\u00c9v\u00e9nement","fr"],"inLanguage":"fr-FR"},{"@type":"WebPage","@id":"https:\/\/www.chateau-realdor.fr\/en\/2019\/04\/01\/the-chateau-real-dor-team-will-be-present-at-the-foire-de-brignoles\/","url":"https:\/\/www.chateau-realdor.fr\/en\/2019\/04\/01\/the-chateau-real-dor-team-will-be-present-at-the-foire-de-brignoles\/","name":"The Ch\u00e2teau R\u00e9al d'Or team will be present at the Foire de Brignoles","isPartOf":{"@id":"https:\/\/www.chateau-realdor.fr\/#website"},"datePublished":"2019-04-01T14:20:23+00:00","dateModified":"2019-04-01T14:20:23+00:00","description":"From 13 to 22 April 2019, meet our entire team at the Foire de Brignoles in the Var. During these 10 exceptional days, we will have the pleasure to make you taste our best wines.","breadcrumb":{"@id":"https:\/\/www.chateau-realdor.fr\/en\/2019\/04\/01\/the-chateau-real-dor-team-will-be-present-at-the-foire-de-brignoles\/#breadcrumb"},"inLanguage":"fr-FR","potentialAction":[{"@type":"ReadAction","target":["https:\/\/www.chateau-realdor.fr\/en\/2019\/04\/01\/the-chateau-real-dor-team-will-be-present-at-the-foire-de-brignoles\/"]}]},{"@type":"BreadcrumbList","@id":"https:\/\/www.chateau-realdor.fr\/en\/2019\/04\/01\/the-chateau-real-dor-team-will-be-present-at-the-foire-de-brignoles\/#breadcrumb","itemListElement":[{"@type":"ListItem","position":1,"name":"Accueil","item":"https:\/\/www.chateau-realdor.fr\/"},{"@type":"ListItem","position":2,"name":"The Ch\u00e2teau R\u00e9al d&#8217;Or team will be present at the Foire de Brignoles"}]},{"@type":"WebSite","@id":"https:\/\/www.chateau-realdor.fr\/#website","url":"https:\/\/www.chateau-realdor.fr\/","name":"Chateau R\u00e9al d&#039;Or - C\u00f4tes de Provence","description":"D\u2019hier \u00e0 aujourd\u2019hui C\u2019est en 1946, que f\u00fbt plant\u00e9 les premi\u00e8res vignes du \u00ab Ch\u00e2teau R\u00e9al d\u2019Or \u00bb. Situ\u00e9 dans le triangle d\u2019or, au c\u0153ur de la plaine des Maures, notre domaine de 30 hectares plant\u00e9s est d\u2019un seul tenant.","publisher":{"@id":"https:\/\/www.chateau-realdor.fr\/#organization"},"potentialAction":[{"@type":"SearchAction","target":{"@type":"EntryPoint","urlTemplate":"https:\/\/www.chateau-realdor.fr\/?s={search_term_string}"},"query-input":"required name=search_term_string"}],"inLanguage":"fr-FR"},{"@type":"Organization","@id":"https:\/\/www.chateau-realdor.fr\/#organization","name":"Ch\u00e2teau R\u00e9al d'Or","url":"https:\/\/www.chateau-realdor.fr\/","logo":{"@type":"ImageObject","inLanguage":"fr-FR","@id":"https:\/\/www.chateau-realdor.fr\/#\/schema\/logo\/image\/","url":"https:\/\/www.chateau-realdor.fr\/wp-content\/uploads\/2019\/01\/logo-chateau-real-dor-gris.png","contentUrl":"https:\/\/www.chateau-realdor.fr\/wp-content\/uploads\/2019\/01\/logo-chateau-real-dor-gris.png","width":350,"height":133,"caption":"Ch\u00e2teau R\u00e9al d'Or"},"image":{"@id":"https:\/\/www.chateau-realdor.fr\/#\/schema\/logo\/image\/"},"sameAs":["https:\/\/www.instagram.com\/chateau_realdor_gonfaron\/","https:\/\/www.linkedin.com\/company\/chteau-ral-dor\/about\/","https:\/\/www.facebook.com\/people\/Chateau-Real-DOr-Gonfaron\/100087514419271"]},{"@type":"Person","@id":"https:\/\/www.chateau-realdor.fr\/#\/schema\/person\/0a0d59378afe36bfb34ef7c52b63f0a7","name":"Sandrine","sameAs":["https:\/\/www.facebook.com\/profile.php?id=100087514419271","https:\/\/www.instagram.com\/chateau_realdor_gonfaron\/"]}]}},"jetpack_featured_media_url":"https:\/\/www.chateau-realdor.fr\/wp-content\/uploads\/2019\/03\/foire-brignoles.jpg","_links":{"self":[{"href":"https:\/\/www.chateau-realdor.fr\/en\/wp-json\/wp\/v2\/posts\/11716\/"}],"collection":[{"href":"https:\/\/www.chateau-realdor.fr\/en\/wp-json\/wp\/v2\/posts\/"}],"about":[{"href":"https:\/\/www.chateau-realdor.fr\/en\/wp-json\/wp\/v2\/types\/post\/"}],"author":[{"embeddable":true,"href":"https:\/\/www.chateau-realdor.fr\/en\/wp-json\/wp\/v2\/users\/9\/"}],"replies":[{"embeddable":true,"href":"https:\/\/www.chateau-realdor.fr\/en\/wp-json\/wp\/v2\/comments\/?post=11716"}],"version-history":[{"count":1,"href":"https:\/\/www.chateau-realdor.fr\/en\/wp-json\/wp\/v2\/posts\/11716\/revisions\/"}],"predecessor-version":[{"id":11718,"href":"https:\/\/www.chateau-realdor.fr\/en\/wp-json\/wp\/v2\/posts\/11716\/revisions\/11718\/"}],"wp:featuredmedia":[{"embeddable":true,"href":"https:\/\/www.chateau-realdor.fr\/en\/wp-json\/wp\/v2\/media\/11725\/"}],"wp:attachment":[{"href":"https:\/\/www.chateau-realdor.fr\/en\/wp-json\/wp\/v2\/media\/?parent=11716"}],"wp:term":[{"taxonomy":"category","embeddable":true,"href":"https:\/\/www.chateau-realdor.fr\/en\/wp-json\/wp\/v2\/categories\/?post=11716"},{"taxonomy":"post_tag","embeddable":true,"href":"https:\/\/www.chateau-realdor.fr\/en\/wp-json\/wp\/v2\/tags\/?post=11716"}],"curies":[{"name":"wp","href":"https:\/\/api.w.org\/{rel}","templated":true}]}}